{"id":185,"date":"2026-08-07T10:29:34","date_gmt":"2026-08-07T13:29:34","guid":{"rendered":"https:\/\/carvetal.com.br\/blog\/?p=185"},"modified":"2026-08-07T10:46:26","modified_gmt":"2026-08-07T13:46:26","slug":"micronizacao-de-resinas-com-a-carvetal","status":"publish","type":"post","link":"https:\/\/carvetal.com.br\/blog\/micronizacao-de-resinas-com-a-carvetal\/","title":{"rendered":"Onde contratar microniza\u00e7\u00e3o de resinas em Minas Gerais?"},"content":{"rendered":"<span class=\"rt-reading-time\" style=\"display: block;\"><span class=\"rt-label rt-prefix\">Reading Time: <\/span> <span class=\"rt-time\">5<\/span> <span class=\"rt-label rt-postfix\">minutes<\/span><\/span>\n<p class=\"wp-block-paragraph\"><strong><em>Encontre microniza\u00e7\u00e3o de resinas em Minas Gerais com a Carvetal, que atende ind\u00fastrias com moagem e beneficiamento terceirizado.<\/em><\/strong><\/p>\n\n\n\n<p class=\"wp-block-paragraph\">Quem busca <strong>microniza\u00e7\u00e3o de resinas em Minas Gerais<\/strong> normalmente precisa resolver uma quest\u00e3o bastante concreta: processar o material dentro dos requisitos da produ\u00e7\u00e3o sem assumir o custo e a complexidade de instalar uma estrutura pr\u00f3pria de moagem.<\/p>\n\n\n\n<p class=\"wp-block-paragraph\">Para ind\u00fastrias mineiras que enfrentam essa situa\u00e7\u00e3o, a <strong>Carvetal \u00e9 uma op\u00e7\u00e3o para terceiriza\u00e7\u00e3o do processamento de mat\u00e9rias-primas<\/strong>. A empresa atende clientes de Minas Gerais, al\u00e9m de S\u00e3o Paulo, Rio de Janeiro e Paran\u00e1.<\/p>\n\n\n\n<p class=\"wp-block-paragraph\">Com atua\u00e7\u00e3o iniciada em 1964, a Carvetal acumulou experi\u00eancia no beneficiamento de materiais e hoje trabalha com moagem, microniza\u00e7\u00e3o, mistura, embalagem, reembalagem e reciclagem para terceiros. <strong>\u00c9 uma estrutura pensada para empresas que preferem contratar capacidade industrial j\u00e1 instalada.<\/strong><\/p>\n\n\n\n<div id=\"ez-toc-container\" class=\"ez-toc-v2_0_63 counter-hierarchy ez-toc-counter ez-toc-grey ez-toc-container-direction\">\n<div class=\"ez-toc-title-container\">\n<p class=\"ez-toc-title \" >T&oacute;picos do artigo<\/p>\n<span class=\"ez-toc-title-toggle\"><a href=\"#\" class=\"ez-toc-pull-right ez-toc-btn ez-toc-btn-xs ez-toc-btn-default ez-toc-toggle\" aria-label=\"Toggle Table of Content\"><span class=\"ez-toc-js-icon-con\"><span class=\"\"><span class=\"eztoc-hide\" style=\"display:none;\">Toggle<\/span><span class=\"ez-toc-icon-toggle-span\"><svg style=\"fill: #999;color:#999\" xmlns=\"http:\/\/www.w3.org\/2000\/svg\" class=\"list-377408\" width=\"20px\" height=\"20px\" viewBox=\"0 0 24 24\" fill=\"none\"><path d=\"M6 6H4v2h2V6zm14 0H8v2h12V6zM4 11h2v2H4v-2zm16 0H8v2h12v-2zM4 16h2v2H4v-2zm16 0H8v2h12v-2z\" fill=\"currentColor\"><\/path><\/svg><svg style=\"fill: #999;color:#999\" class=\"arrow-unsorted-368013\" xmlns=\"http:\/\/www.w3.org\/2000\/svg\" width=\"10px\" height=\"10px\" viewBox=\"0 0 24 24\" version=\"1.2\" baseProfile=\"tiny\"><path d=\"M18.2 9.3l-6.2-6.3-6.2 6.3c-.2.2-.3.4-.3.7s.1.5.3.7c.2.2.4.3.7.3h11c.3 0 .5-.1.7-.3.2-.2.3-.5.3-.7s-.1-.5-.3-.7zM5.8 14.7l6.2 6.3 6.2-6.3c.2-.2.3-.5.3-.7s-.1-.5-.3-.7c-.2-.2-.4-.3-.7-.3h-11c-.3 0-.5.1-.7.3-.2.2-.3.5-.3.7s.1.5.3.7z\"\/><\/svg><\/span><\/span><\/span><\/a><\/span><\/div>\n<nav><ul class='ez-toc-list ez-toc-list-level-1 ' ><li class='ez-toc-page-1 ez-toc-heading-level-2'><a class=\"ez-toc-link ez-toc-heading-1\" href=\"https:\/\/carvetal.com.br\/blog\/micronizacao-de-resinas-com-a-carvetal\/#Onde_contratar_micronizacao_de_resinas_em_Minas_Gerais\" title=\"Onde contratar microniza\u00e7\u00e3o de resinas em Minas Gerais?\">Onde contratar microniza\u00e7\u00e3o de resinas em Minas Gerais?<\/a><\/li><li class='ez-toc-page-1 ez-toc-heading-level-2'><a class=\"ez-toc-link ez-toc-heading-2\" href=\"https:\/\/carvetal.com.br\/blog\/micronizacao-de-resinas-com-a-carvetal\/#Por_que_terceirizar_a_micronizacao_de_resinas\" title=\"Por que terceirizar a microniza\u00e7\u00e3o de resinas?\">Por que terceirizar a microniza\u00e7\u00e3o de resinas?<\/a><\/li><li class='ez-toc-page-1 ez-toc-heading-level-2'><a class=\"ez-toc-link ez-toc-heading-3\" href=\"https:\/\/carvetal.com.br\/blog\/micronizacao-de-resinas-com-a-carvetal\/#Como_escolher_uma_empresa_de_micronizacao_de_resinas_em_Minas_Gerais\" title=\"Como escolher uma empresa de microniza\u00e7\u00e3o de resinas em Minas Gerais?\">Como escolher uma empresa de microniza\u00e7\u00e3o de resinas em Minas Gerais?<\/a><ul class='ez-toc-list-level-3' ><li class='ez-toc-heading-level-3'><a class=\"ez-toc-link ez-toc-heading-4\" href=\"https:\/\/carvetal.com.br\/blog\/micronizacao-de-resinas-com-a-carvetal\/#Quais_equipamentos_sao_utilizados_pela_Carvetal\" title=\"Quais equipamentos s\u00e3o utilizados pela Carvetal?\">Quais equipamentos s\u00e3o utilizados pela Carvetal?<\/a><ul class='ez-toc-list-level-4' ><li class='ez-toc-heading-level-4'><a class=\"ez-toc-link ez-toc-heading-5\" href=\"https:\/\/carvetal.com.br\/blog\/micronizacao-de-resinas-com-a-carvetal\/#Por_que_a_estrutura_industrial_importa_no_processamento\" title=\"Por que a estrutura industrial importa no processamento?\">Por que a estrutura industrial importa no processamento?<\/a><\/li><\/ul><\/li><\/ul><\/li><li class='ez-toc-page-1 ez-toc-heading-level-2'><a class=\"ez-toc-link ez-toc-heading-6\" href=\"https:\/\/carvetal.com.br\/blog\/micronizacao-de-resinas-com-a-carvetal\/#Experiencia_da_Carvetal_no_beneficiamento_de_materias-primas\" title=\"Experi\u00eancia da Carvetal no beneficiamento de mat\u00e9rias-primas\">Experi\u00eancia da Carvetal no beneficiamento de mat\u00e9rias-primas<\/a><\/li><li class='ez-toc-page-1 ez-toc-heading-level-2'><a class=\"ez-toc-link ez-toc-heading-7\" href=\"https:\/\/carvetal.com.br\/blog\/micronizacao-de-resinas-com-a-carvetal\/#Para_quais_empresas_a_micronizacao_terceirizada_faz_sentido\" title=\"Para quais empresas a microniza\u00e7\u00e3o terceirizada faz sentido?\">Para quais empresas a microniza\u00e7\u00e3o terceirizada faz sentido?<\/a><\/li><li class='ez-toc-page-1 ez-toc-heading-level-2'><a class=\"ez-toc-link ez-toc-heading-8\" href=\"https:\/\/carvetal.com.br\/blog\/micronizacao-de-resinas-com-a-carvetal\/#Micronizacao_de_resinas_em_Minas_Gerais_com_atendimento_B2B\" title=\"Microniza\u00e7\u00e3o de resinas em Minas Gerais com atendimento B2B\">Microniza\u00e7\u00e3o de resinas em Minas Gerais com atendimento B2B<\/a><\/li><li class='ez-toc-page-1 ez-toc-heading-level-2'><a class=\"ez-toc-link ez-toc-heading-9\" href=\"https:\/\/carvetal.com.br\/blog\/micronizacao-de-resinas-com-a-carvetal\/#Fale_com_a_Carvetal_sobre_seu_projeto\" title=\"Fale com a Carvetal sobre seu projeto\">Fale com a Carvetal sobre seu projeto<\/a><\/li><\/ul><\/nav><\/div>\n<h2 class=\"wp-block-heading\"><span class=\"ez-toc-section\" id=\"Onde_contratar_micronizacao_de_resinas_em_Minas_Gerais\"><\/span><strong>Onde contratar microniza\u00e7\u00e3o de resinas em Minas Gerais?<\/strong><span class=\"ez-toc-section-end\"><\/span><\/h2>\n\n\n\n<p class=\"wp-block-paragraph\">A Carvetal presta servi\u00e7os para ind\u00fastrias de Minas Gerais que necessitam de <strong>microniza\u00e7\u00e3o de resinas e processamento terceirizado de mat\u00e9rias-primas<\/strong>. O atendimento \u00e9 voltado ao mercado B2B e pode fazer parte de diferentes etapas da opera\u00e7\u00e3o industrial do cliente.<\/p>\n\n\n\n<p class=\"wp-block-paragraph\">Na pr\u00e1tica, a empresa contratante envia o material para que determinada etapa seja executada por uma estrutura especializada. Isso permite incorporar a microniza\u00e7\u00e3o ao processo produtivo sem instalar moinhos, ampliar \u00e1reas industriais ou assumir internamente toda essa opera\u00e7\u00e3o.<\/p>\n\n\n\n<p class=\"wp-block-paragraph\">A experi\u00eancia da Carvetal com <strong>resinas fen\u00f3licas e cargas minerais n\u00e3o met\u00e1licas<\/strong> faz parte da trajet\u00f3ria constru\u00edda pela empresa desde sua migra\u00e7\u00e3o do setor de carv\u00e3o vegetal para o beneficiamento industrial de mat\u00e9rias-primas.<\/p>\n\n\n\n<p class=\"wp-block-paragraph\">Antes da contrata\u00e7\u00e3o, naturalmente, \u00e9 necess\u00e1rio avaliar as caracter\u00edsticas do material e as necessidades do projeto. <strong>Cada aplica\u00e7\u00e3o industrial possui requisitos pr\u00f3prios<\/strong>, por isso o alinhamento t\u00e9cnico entre contratante e prestador \u00e9 uma etapa relevante da negocia\u00e7\u00e3o.<\/p>\n\n\n\n<ul class=\"wp-block-list\">\n<li><a href=\"https:\/\/carvetal.com.br\/blog\/servico-de-moagem-em-suzano-conheca-quem-e-referencia\/\">Servi\u00e7o de moagem em Suzano: conhe\u00e7a quem \u00e9 refer\u00eancia<\/a>\u00a0<\/li>\n<\/ul>\n\n\n\n<h2 class=\"wp-block-heading\"><span class=\"ez-toc-section\" id=\"Por_que_terceirizar_a_micronizacao_de_resinas\"><\/span><strong>Por que terceirizar a microniza\u00e7\u00e3o de resinas?<\/strong><span class=\"ez-toc-section-end\"><\/span><\/h2>\n\n\n\n<p class=\"wp-block-paragraph\">Instalar uma opera\u00e7\u00e3o pr\u00f3pria para microniza\u00e7\u00e3o envolve decis\u00f5es que ultrapassam a compra de um equipamento. Espa\u00e7o f\u00edsico, adequa\u00e7\u00e3o da planta, manuten\u00e7\u00e3o, opera\u00e7\u00e3o, m\u00e3o de obra e capacidade necess\u00e1ria precisam fazer sentido dentro do volume produzido pela empresa.<\/p>\n\n\n\n<p class=\"wp-block-paragraph\">Quando essa demanda n\u00e3o justifica uma estrutura exclusiva, a <strong>terceiriza\u00e7\u00e3o da microniza\u00e7\u00e3o de resinas<\/strong> surge como uma alternativa pr\u00e1tica. A ind\u00fastria utiliza a capacidade produtiva de uma empresa especializada conforme suas necessidades de processamento.<\/p>\n\n\n\n<p class=\"wp-block-paragraph\">Esse modelo tamb\u00e9m pode ser interessante quando existe aumento de demanda, lan\u00e7amento de uma nova linha ou necessidade de complementar a capacidade instalada. Em vez de comprometer recursos imediatamente com expans\u00e3o industrial, a empresa consegue avaliar outra configura\u00e7\u00e3o operacional.<\/p>\n\n\n\n<p class=\"wp-block-paragraph\"><strong>Terceirizar uma etapa espec\u00edfica permite concentrar investimentos no n\u00facleo do neg\u00f3cio.<\/strong> Para gerentes de produ\u00e7\u00e3o, engenheiros e empres\u00e1rios, esse ponto pesa principalmente quando o beneficiamento \u00e9 necess\u00e1rio, mas n\u00e3o representa a atividade principal da f\u00e1brica.<\/p>\n\n\n\n<h2 class=\"wp-block-heading\"><span class=\"ez-toc-section\" id=\"Como_escolher_uma_empresa_de_micronizacao_de_resinas_em_Minas_Gerais\"><\/span><strong>Como escolher uma empresa de microniza\u00e7\u00e3o de resinas em Minas Gerais?<\/strong><span class=\"ez-toc-section-end\"><\/span><\/h2>\n\n\n\n<p class=\"wp-block-paragraph\">Escolher quem ficar\u00e1 respons\u00e1vel pelo processamento de uma mat\u00e9ria-prima exige mais cuidado do que comparar propostas comerciais. A estrutura dispon\u00edvel para realizar o servi\u00e7o precisa estar alinhada ao tipo de material e \u00e0 necessidade do processo industrial.<\/p>\n\n\n\n<p class=\"wp-block-paragraph\">O hist\u00f3rico da empresa tamb\u00e9m merece aten\u00e7\u00e3o. Processamento industrial envolve equipamentos, pessoas e conhecimento acumulado. <strong>Uma opera\u00e7\u00e3o constru\u00edda ao longo de d\u00e9cadas tende a oferecer uma refer\u00eancia mais concreta sobre experi\u00eancia no beneficiamento de materiais.<\/strong><\/p>\n\n\n\n<p class=\"wp-block-paragraph\">Outro ponto \u00e9 avaliar quais processos podem ser concentrados no mesmo fornecedor. Dependendo da necessidade, o projeto pode envolver moagem, mistura, embalagem ou reembalagem, reduzindo a quantidade de etapas que precisam ser distribu\u00eddas entre diferentes prestadores.<\/p>\n\n\n\n<p class=\"wp-block-paragraph\">Para empresas que procuram <strong>microniza\u00e7\u00e3o de resinas em Minas Gerais<\/strong>, tamb\u00e9m faz sentido confirmar previamente aspectos como material a ser processado, quantidade, condi\u00e7\u00f5es de fornecimento e demais especifica\u00e7\u00f5es t\u00e9cnicas relacionadas ao servi\u00e7o.<\/p>\n\n\n\n<ul class=\"wp-block-list\">\n<li><a href=\"https:\/\/carvetal.com.br\/blog\/servico-de-moagem-em-sao-paulo-conheca-a-empresa-ideal\/\">Servi\u00e7o de moagem em S\u00e3o Paulo: conhe\u00e7a a empresa ideal<\/a>\u00a0<\/li>\n<\/ul>\n\n\n\n<h3 class=\"wp-block-heading\"><span class=\"ez-toc-section\" id=\"Quais_equipamentos_sao_utilizados_pela_Carvetal\"><\/span><strong>Quais equipamentos s\u00e3o utilizados pela Carvetal?<\/strong><span class=\"ez-toc-section-end\"><\/span><\/h3>\n\n\n\n<p class=\"wp-block-paragraph\">A estrutura industrial \u00e9 um dos pontos que diferenciam empresas de beneficiamento. Na Carvetal, o parque fabril inclui <strong>Moinho Pendular da VERD\u00c9S, Moinhos Micronizadores tipo Micropool e Misturadores Ribbon Blender<\/strong>.<\/p>\n\n\n\n<p class=\"wp-block-paragraph\">Os moinhos micronizadores est\u00e3o diretamente relacionados aos trabalhos de redu\u00e7\u00e3o do tamanho de part\u00edculas. J\u00e1 os demais equipamentos ampliam as possibilidades de processamento de mat\u00e9rias-primas conforme as caracter\u00edsticas de cada projeto contratado.<\/p>\n\n\n\n<p class=\"wp-block-paragraph\">A presen\u00e7a de equipamentos industriais de grande porte tamb\u00e9m permite atender demandas que seriam dif\u00edceis de absorver em opera\u00e7\u00f5es menores. Isso \u00e9 especialmente relevante no mercado B2B, onde volume, disponibilidade produtiva e continuidade costumam participar da decis\u00e3o de contrata\u00e7\u00e3o.<\/p>\n\n\n\n<p class=\"wp-block-paragraph\"><strong>Equipamento adequado e experi\u00eancia operacional caminham juntos.<\/strong> Ter m\u00e1quinas dispon\u00edveis \u00e9 importante, mas compreender o comportamento dos materiais durante o beneficiamento tamb\u00e9m influencia a condu\u00e7\u00e3o de cada servi\u00e7o.<\/p>\n\n\n\n<h4 class=\"wp-block-heading\"><span class=\"ez-toc-section\" id=\"Por_que_a_estrutura_industrial_importa_no_processamento\"><\/span><strong>Por que a estrutura industrial importa no processamento?<\/strong><span class=\"ez-toc-section-end\"><\/span><\/h4>\n\n\n\n<p class=\"wp-block-paragraph\">Uma empresa que procura <strong>moagem de resinas para terceiros<\/strong> geralmente est\u00e1 delegando uma etapa diretamente ligada ao seu pr\u00f3prio processo produtivo. Por isso, a escolha do prestador pode afetar planejamento, fluxo de materiais e organiza\u00e7\u00e3o da f\u00e1brica contratante.<\/p>\n\n\n\n<p class=\"wp-block-paragraph\">Equipamentos de maior porte ampliam a capacidade de trabalhar com demandas industriais sem obrigar o cliente a criar internamente uma opera\u00e7\u00e3o equivalente. Essa \u00e9 uma das raz\u00f5es pelas quais a estrutura dispon\u00edvel precisa ser avaliada antes do fechamento do servi\u00e7o.<\/p>\n\n\n\n<p class=\"wp-block-paragraph\">Para pequenas e m\u00e9dias ind\u00fastrias, o impacto pode ser ainda mais percept\u00edvel. A aquisi\u00e7\u00e3o de um sistema de moagem pode competir com investimentos em produ\u00e7\u00e3o, desenvolvimento de produtos, estoque ou equipamentos diretamente relacionados \u00e0 atividade principal.<\/p>\n\n\n\n<p class=\"wp-block-paragraph\">Nesse cen\u00e1rio, <strong>usar a estrutura de uma empresa especializada transforma um investimento fixo em uma contrata\u00e7\u00e3o vinculada \u00e0 demanda existente<\/strong>. A decis\u00e3o precisa ser analisada caso a caso, mas pode simplificar bastante determinados projetos industriais.<\/p>\n\n\n\n<h2 class=\"wp-block-heading\"><span class=\"ez-toc-section\" id=\"Experiencia_da_Carvetal_no_beneficiamento_de_materias-primas\"><\/span><strong>Experi\u00eancia da Carvetal no beneficiamento de mat\u00e9rias-primas<\/strong><span class=\"ez-toc-section-end\"><\/span><\/h2>\n\n\n<div class=\"wp-block-image\">\n<figure class=\"alignright size-full is-resized\"><img loading=\"lazy\" decoding=\"async\" width=\"390\" height=\"441\" src=\"https:\/\/carvetal.com.br\/blog\/wp-content\/uploads\/2024\/08\/about2.jpeg\" alt=\"As melhores resinas fen\u00f3licas em S\u00e3o Paulo para atender suas necessidades\" class=\"wp-image-60\" style=\"width:247px;height:auto\" srcset=\"https:\/\/carvetal.com.br\/blog\/wp-content\/uploads\/2024\/08\/about2.jpeg 390w, https:\/\/carvetal.com.br\/blog\/wp-content\/uploads\/2024\/08\/about2-265x300.jpeg 265w\" sizes=\"auto, (max-width: 390px) 100vw, 390px\" \/><\/figure>\n<\/div>\n\n\n<p class=\"wp-block-paragraph\">A hist\u00f3ria da Carvetal come\u00e7ou em <strong>1964<\/strong>, inicialmente ligada ao setor de carv\u00e3o vegetal. Com o desenvolvimento da opera\u00e7\u00e3o, a empresa passou a trabalhar com a moagem de cargas minerais n\u00e3o met\u00e1licas e resinas fen\u00f3licas.<\/p>\n\n\n\n<p class=\"wp-block-paragraph\">Esse hist\u00f3rico ajuda a explicar o perfil atual da companhia. Em vez de atuar apenas em uma opera\u00e7\u00e3o isolada, a Carvetal estruturou servi\u00e7os destinados ao <strong>beneficiamento de mat\u00e9rias-primas para terceiros<\/strong>, atendendo necessidades diferentes dentro da cadeia industrial.<\/p>\n\n\n\n<p class=\"wp-block-paragraph\">Hoje, o portf\u00f3lio inclui moagem, mistura, embalagem, reembalagem e reciclagem. Essa combina\u00e7\u00e3o \u00e9 relevante para empresas que est\u00e3o avaliando n\u00e3o somente a microniza\u00e7\u00e3o, mas uma parceria capaz de absorver outras etapas complementares.<\/p>\n\n\n\n<p class=\"wp-block-paragraph\">Para o gestor industrial, experi\u00eancia deve aparecer de maneira concreta. <strong>D\u00e9cadas de atua\u00e7\u00e3o, parque fabril e conhecimento em processamento de materiais s\u00e3o crit\u00e9rios mais \u00fateis para uma decis\u00e3o B2B do que promessas gen\u00e9ricas sobre desempenho.<\/strong><\/p>\n\n\n\n<ul class=\"wp-block-list\">\n<li><a href=\"https:\/\/carvetal.com.br\/blog\/importancia-da-etapas-da-mineracao\/\">Etapas da minera\u00e7\u00e3o: por que pular fases custa milh\u00f5es<\/a>\u00a0<\/li>\n<\/ul>\n\n\n\n<h2 class=\"wp-block-heading\"><span class=\"ez-toc-section\" id=\"Para_quais_empresas_a_micronizacao_terceirizada_faz_sentido\"><\/span><strong>Para quais empresas a microniza\u00e7\u00e3o terceirizada faz sentido?<\/strong><span class=\"ez-toc-section-end\"><\/span><\/h2>\n\n\n\n<p class=\"wp-block-paragraph\">A <strong>microniza\u00e7\u00e3o de resinas em Minas Gerais<\/strong> pode atender diferentes contextos industriais. Um deles ocorre quando a empresa utiliza resinas em seu processo, mas n\u00e3o disp\u00f5e dos equipamentos necess\u00e1rios para realizar internamente a redu\u00e7\u00e3o das part\u00edculas.<\/p>\n\n\n\n<p class=\"wp-block-paragraph\">Tamb\u00e9m h\u00e1 situa\u00e7\u00f5es em que uma ind\u00fastria possui alguma capacidade de moagem, por\u00e9m precisa complementar sua produ\u00e7\u00e3o. Picos de demanda ou mudan\u00e7as no planejamento podem criar per\u00edodos em que a capacidade interna deixa de atender completamente \u00e0s necessidades.<\/p>\n\n\n\n<p class=\"wp-block-paragraph\">Fornecedores de mat\u00e9rias-primas tamb\u00e9m podem utilizar servi\u00e7os terceirizados para entregar materiais beneficiados aos seus pr\u00f3prios clientes. Nesses casos, contar com uma estrutura externa adiciona uma etapa de processamento sem exigir a cria\u00e7\u00e3o de uma nova planta.<\/p>\n\n\n\n<p class=\"wp-block-paragraph\"><strong>A decis\u00e3o fica especialmente interessante quando terceirizar traz mais flexibilidade do que internalizar o processo.<\/strong> \u00c9 justamente essa an\u00e1lise que gerentes de produ\u00e7\u00e3o, engenheiros industriais e empres\u00e1rios devem fazer antes de direcionar recursos para novos equipamentos.<\/p>\n\n\n\n<h2 class=\"wp-block-heading\"><span class=\"ez-toc-section\" id=\"Micronizacao_de_resinas_em_Minas_Gerais_com_atendimento_B2B\"><\/span><strong>Microniza\u00e7\u00e3o de resinas em Minas Gerais com atendimento B2B<\/strong><span class=\"ez-toc-section-end\"><\/span><\/h2>\n\n\n\n<p class=\"wp-block-paragraph\">Encontrar uma empresa para <strong>microniza\u00e7\u00e3o de resinas em Minas Gerais<\/strong> passa por identificar um parceiro que compreenda a din\u00e2mica de uma opera\u00e7\u00e3o industrial e tenha estrutura compat\u00edvel com o servi\u00e7o solicitado.<\/p>\n\n\n\n<p class=\"wp-block-paragraph\">A Carvetal re\u00fane mais de seis d\u00e9cadas de atua\u00e7\u00e3o e mant\u00e9m equipamentos voltados \u00e0 moagem, microniza\u00e7\u00e3o e mistura de materiais. Para empresas mineiras, o atendimento permite acessar essa estrutura por meio da terceiriza\u00e7\u00e3o do processo.<\/p>\n\n\n\n<p class=\"wp-block-paragraph\">O pr\u00f3ximo passo depende das caracter\u00edsticas da mat\u00e9ria-prima e da demanda de cada ind\u00fastria. Por isso, informa\u00e7\u00f5es sobre o material, volume e objetivo do processamento ajudam a tornar a avalia\u00e7\u00e3o inicial mais precisa.<\/p>\n\n\n\n<p class=\"wp-block-paragraph\"><strong>Se a sua empresa precisa micronizar resinas sem investir em uma nova estrutura pr\u00f3pria, vale colocar a terceiriza\u00e7\u00e3o na an\u00e1lise do projeto.<\/strong> A compara\u00e7\u00e3o deve considerar capacidade industrial, experi\u00eancia e adequa\u00e7\u00e3o do servi\u00e7o \u00e0 realidade da produ\u00e7\u00e3o.<\/p>\n\n\n\n<ul class=\"wp-block-list\">\n<li><a href=\"https:\/\/carvetal.com.br\/blog\/etapas-do-beneficiamento-de-minerio-tudo-o-que-voce-precisa-saber\/\">Etapas do beneficiamento de min\u00e9rio: tudo o que voc\u00ea precisa saber<\/a>\u00a0<\/li>\n<\/ul>\n\n\n\n<h2 class=\"wp-block-heading\"><span class=\"ez-toc-section\" id=\"Fale_com_a_Carvetal_sobre_seu_projeto\"><\/span><strong>Fale com a Carvetal sobre seu projeto<\/strong><span class=\"ez-toc-section-end\"><\/span><\/h2>\n\n\n\n<p class=\"wp-block-paragraph\">Precisa contratar <strong>microniza\u00e7\u00e3o de resinas para sua ind\u00fastria em Minas Gerais<\/strong>? Entre em contato com a Carvetal e apresente as caracter\u00edsticas do material e as necessidades do seu processo.<\/p>\n\n\n\n<p class=\"wp-block-paragraph\">A equipe poder\u00e1 avaliar a demanda e orientar sobre as possibilidades de atendimento com a estrutura dispon\u00edvel. <a href=\"https:\/\/carvetal.com.br\/contato\"><strong>Converse com a Carvetal e solicite uma avalia\u00e7\u00e3o para o seu projeto de beneficiamento de mat\u00e9rias-primas.<\/strong><\/a><\/p>\n","protected":false},"excerpt":{"rendered":"<p><span class=\"rt-reading-time\" style=\"display: block;\"><span class=\"rt-label rt-prefix\">Reading Time: <\/span> <span class=\"rt-time\">5<\/span> <span class=\"rt-label rt-postfix\">minutes<\/span><\/span> Encontre microniza\u00e7\u00e3o de resinas em Minas Gerais com a Carvetal, que atende ind\u00fastrias com moagem e beneficiamento terceirizado. Quem busca microniza\u00e7\u00e3o de resinas em Minas Gerais normalmente precisa resolver uma quest\u00e3o bastante concreta: processar o material dentro dos requisitos da produ\u00e7\u00e3o sem assumir o custo e a complexidade de instalar uma estrutura pr\u00f3pria de moagem. &hellip; <\/p>\n","protected":false},"author":1,"featured_media":186,"comment_status":"open","ping_status":"open","sticky":false,"template":"","format":"standard","meta":{"footnotes":""},"categories":[197],"tags":[988,523,962,970,973,984,979,209,874,217,968,965,518,966,967,301,964,974,982,978,601,963,981,986,976,977,983,987,980,975,208,971,972,969,985],"class_list":["post-185","post","type-post","status-publish","format-standard","has-post-thumbnail","hentry","category-micronizacao-de-resinas","tag-a-carvetal-atende-empresas-de-minas-gerais","tag-beneficiamento-de-materias-primas","tag-beneficiamento-de-resinas","tag-beneficiamento-industrial-para-terceiros","tag-carvetal-micronizacao-de-resinas","tag-como-escolher-uma-empresa-de-micronizacao","tag-como-funciona-a-micronizacao-de-resinas","tag-empresa-de-micronizacao-de-resinas","tag-empresa-de-moagem-industrial","tag-micronizacao-de-resinas-em-minas-gerais","tag-micronizacao-de-resinas-fenolicas","tag-micronizacao-de-resinas-mg","tag-moagem-de-cargas-minerais","tag-moagem-de-resinas-em-minas-gerais","tag-moagem-de-resinas-para-terceiros","tag-moagem-industrial-em-minas-gerais","tag-moinho-micronizador-micropool","tag-onde-contratar-micronizacao-de-resinas-em-minas-gerais","tag-onde-contratar-moagem-de-resinas-fenolicas","tag-onde-terceirizar-moagem-de-resinas","tag-processamento-de-resinas-fenolicas","tag-processamento-terceirizado-de-materias-primas","tag-quais-empresas-fazem-moagem-industrial-em-minas-gerais","tag-quais-equipamentos-sao-usados-na-micronizacao-de-resinas","tag-qual-empresa-faz-micronizacao-de-resinas-em-mg","tag-quando-terceirizar-a-moagem-de-resinas","tag-quanto-custa-terceirizar-micronizacao-de-resinas","tag-quem-faz-beneficiamento-de-materias-primas-em-minas-gerais","tag-quem-faz-beneficiamento-de-resinas-para-terceiros","tag-quem-faz-micronizacao-de-resinas-em-minas-gerais","tag-servico-de-micronizacao-de-resinas","tag-servicos-de-moagem-e-mistura","tag-terceirizacao-de-moagem-industrial","tag-terceirizacao-industrial-em-minas-gerais","tag-vale-a-pena-terceirizar-a-moagem-industrial","latest_post"],"yoast_head":"<!-- This site is optimized with the Yoast SEO plugin v28.2 - https:\/\/yoast.com\/product\/yoast-seo-wordpress\/ -->\n<title>Onde contratar microniza\u00e7\u00e3o de resinas em Minas Gerais? - Blog<\/title>\n<meta name=\"description\" content=\"Encontre microniza\u00e7\u00e3o de resinas em Minas Gerais com a Carvetal, que atende ind\u00fastrias com moagem e beneficiamento terceirizado.\" \/>\n<meta name=\"robots\" content=\"index, follow, max-snippet:-1, max-image-preview:large, max-video-preview:-1\" \/>\n<link rel=\"canonical\" href=\"https:\/\/carvetal.com.br\/blog\/micronizacao-de-resinas-com-a-carvetal\/\" \/>\n<meta property=\"og:locale\" content=\"pt_BR\" \/>\n<meta property=\"og:type\" content=\"article\" \/>\n<meta property=\"og:title\" content=\"Onde contratar microniza\u00e7\u00e3o de resinas em Minas Gerais? - Blog\" \/>\n<meta property=\"og:description\" content=\"Encontre microniza\u00e7\u00e3o de resinas em Minas Gerais com a Carvetal, que atende ind\u00fastrias com moagem e beneficiamento terceirizado.\" \/>\n<meta property=\"og:url\" content=\"https:\/\/carvetal.com.br\/blog\/micronizacao-de-resinas-com-a-carvetal\/\" \/>\n<meta property=\"og:site_name\" content=\"Blog\" \/>\n<meta property=\"article:published_time\" content=\"2026-08-07T13:29:34+00:00\" \/>\n<meta property=\"article:modified_time\" content=\"2026-08-07T13:46:26+00:00\" \/>\n<meta property=\"og:image\" content=\"https:\/\/carvetal.com.br\/blog\/wp-content\/uploads\/2026\/08\/ChatGPT-Image-7-de-ago.-de-2026-10_25_48-1024x576.png\" \/>\n\t<meta property=\"og:image:width\" content=\"1024\" \/>\n\t<meta property=\"og:image:height\" content=\"576\" \/>\n\t<meta property=\"og:image:type\" content=\"image\/png\" \/>\n<meta name=\"author\" content=\"admin\" \/>\n<meta name=\"twitter:card\" content=\"summary_large_image\" \/>\n<meta name=\"twitter:label1\" content=\"Escrito por\" \/>\n\t<meta name=\"twitter:data1\" content=\"admin\" \/>\n\t<meta name=\"twitter:label2\" content=\"Est. tempo de leitura\" \/>\n\t<meta name=\"twitter:data2\" content=\"9 minutos\" \/>\n<script type=\"application\/ld+json\" class=\"yoast-schema-graph\">{\"@context\":\"https:\\\/\\\/schema.org\",\"@graph\":[{\"@type\":\"Article\",\"@id\":\"https:\\\/\\\/carvetal.com.br\\\/blog\\\/micronizacao-de-resinas-com-a-carvetal\\\/#article\",\"isPartOf\":{\"@id\":\"https:\\\/\\\/carvetal.com.br\\\/blog\\\/micronizacao-de-resinas-com-a-carvetal\\\/\"},\"author\":{\"name\":\"admin\",\"@id\":\"https:\\\/\\\/carvetal.com.br\\\/blog\\\/#\\\/schema\\\/person\\\/6d0a8f9ebbccf41c1478cada680f3e87\"},\"headline\":\"Onde contratar microniza\u00e7\u00e3o de resinas em Minas Gerais?\",\"datePublished\":\"2026-08-07T13:29:34+00:00\",\"dateModified\":\"2026-08-07T13:46:26+00:00\",\"mainEntityOfPage\":{\"@id\":\"https:\\\/\\\/carvetal.com.br\\\/blog\\\/micronizacao-de-resinas-com-a-carvetal\\\/\"},\"wordCount\":1636,\"commentCount\":1,\"publisher\":{\"@id\":\"https:\\\/\\\/carvetal.com.br\\\/blog\\\/#organization\"},\"image\":{\"@id\":\"https:\\\/\\\/carvetal.com.br\\\/blog\\\/micronizacao-de-resinas-com-a-carvetal\\\/#primaryimage\"},\"thumbnailUrl\":\"https:\\\/\\\/carvetal.com.br\\\/blog\\\/wp-content\\\/uploads\\\/2026\\\/08\\\/ChatGPT-Image-7-de-ago.-de-2026-10_25_48.png\",\"keywords\":[\"a Carvetal atende empresas de Minas Gerais?\",\"beneficiamento de mat\u00e9rias-primas\",\"beneficiamento de resinas\",\"beneficiamento industrial para terceiros\",\"Carvetal microniza\u00e7\u00e3o de resinas\",\"como escolher uma empresa de microniza\u00e7\u00e3o?\",\"como funciona a microniza\u00e7\u00e3o de resinas?\",\"empresa de microniza\u00e7\u00e3o de resinas\",\"empresa de moagem industrial\",\"microniza\u00e7\u00e3o de resinas em Minas Gerais\",\"microniza\u00e7\u00e3o de resinas fen\u00f3licas\",\"microniza\u00e7\u00e3o de resinas MG\",\"moagem de cargas minerais\",\"moagem de resinas em Minas Gerais\",\"moagem de resinas para terceiros\",\"Moagem industrial em Minas Gerais\",\"moinho micronizador Micropool\",\"onde contratar microniza\u00e7\u00e3o de resinas em Minas Gerais?\",\"onde contratar moagem de resinas fen\u00f3licas?\",\"onde terceirizar moagem de resinas?\",\"processamento de resinas fen\u00f3licas\",\"processamento terceirizado de mat\u00e9rias-primas\",\"quais empresas fazem moagem industrial em Minas Gerais?\",\"quais equipamentos s\u00e3o usados na microniza\u00e7\u00e3o de resinas?\",\"qual empresa faz microniza\u00e7\u00e3o de resinas em MG?\",\"quando terceirizar a moagem de resinas?\",\"quanto custa terceirizar microniza\u00e7\u00e3o de resinas?\",\"quem faz beneficiamento de mat\u00e9rias-primas em Minas Gerais?\",\"quem faz beneficiamento de resinas para terceiros?\",\"quem faz microniza\u00e7\u00e3o de resinas em Minas Gerais?\",\"servi\u00e7o de microniza\u00e7\u00e3o de resinas\",\"servi\u00e7os de moagem e mistura\",\"terceiriza\u00e7\u00e3o de moagem industrial\",\"terceiriza\u00e7\u00e3o industrial em Minas Gerais\",\"vale a pena terceirizar a moagem industrial?\"],\"articleSection\":[\"Microniza\u00e7\u00e3o de resinas\"],\"inLanguage\":\"pt-BR\",\"potentialAction\":[{\"@type\":\"CommentAction\",\"name\":\"Comment\",\"target\":[\"https:\\\/\\\/carvetal.com.br\\\/blog\\\/micronizacao-de-resinas-com-a-carvetal\\\/#respond\"]}]},{\"@type\":\"WebPage\",\"@id\":\"https:\\\/\\\/carvetal.com.br\\\/blog\\\/micronizacao-de-resinas-com-a-carvetal\\\/\",\"url\":\"https:\\\/\\\/carvetal.com.br\\\/blog\\\/micronizacao-de-resinas-com-a-carvetal\\\/\",\"name\":\"Onde contratar microniza\u00e7\u00e3o de resinas em Minas Gerais? - Blog\",\"isPartOf\":{\"@id\":\"https:\\\/\\\/carvetal.com.br\\\/blog\\\/#website\"},\"primaryImageOfPage\":{\"@id\":\"https:\\\/\\\/carvetal.com.br\\\/blog\\\/micronizacao-de-resinas-com-a-carvetal\\\/#primaryimage\"},\"image\":{\"@id\":\"https:\\\/\\\/carvetal.com.br\\\/blog\\\/micronizacao-de-resinas-com-a-carvetal\\\/#primaryimage\"},\"thumbnailUrl\":\"https:\\\/\\\/carvetal.com.br\\\/blog\\\/wp-content\\\/uploads\\\/2026\\\/08\\\/ChatGPT-Image-7-de-ago.-de-2026-10_25_48.png\",\"datePublished\":\"2026-08-07T13:29:34+00:00\",\"dateModified\":\"2026-08-07T13:46:26+00:00\",\"description\":\"Encontre microniza\u00e7\u00e3o de resinas em Minas Gerais com a Carvetal, que atende ind\u00fastrias com moagem e beneficiamento terceirizado.\",\"breadcrumb\":{\"@id\":\"https:\\\/\\\/carvetal.com.br\\\/blog\\\/micronizacao-de-resinas-com-a-carvetal\\\/#breadcrumb\"},\"inLanguage\":\"pt-BR\",\"potentialAction\":[{\"@type\":\"ReadAction\",\"target\":[\"https:\\\/\\\/carvetal.com.br\\\/blog\\\/micronizacao-de-resinas-com-a-carvetal\\\/\"]}]},{\"@type\":\"ImageObject\",\"inLanguage\":\"pt-BR\",\"@id\":\"https:\\\/\\\/carvetal.com.br\\\/blog\\\/micronizacao-de-resinas-com-a-carvetal\\\/#primaryimage\",\"url\":\"https:\\\/\\\/carvetal.com.br\\\/blog\\\/wp-content\\\/uploads\\\/2026\\\/08\\\/ChatGPT-Image-7-de-ago.-de-2026-10_25_48.png\",\"contentUrl\":\"https:\\\/\\\/carvetal.com.br\\\/blog\\\/wp-content\\\/uploads\\\/2026\\\/08\\\/ChatGPT-Image-7-de-ago.-de-2026-10_25_48.png\",\"width\":1672,\"height\":941,\"caption\":\"Onde contratar microniza\u00e7\u00e3o de resinas em Minas Gerais?\"},{\"@type\":\"BreadcrumbList\",\"@id\":\"https:\\\/\\\/carvetal.com.br\\\/blog\\\/micronizacao-de-resinas-com-a-carvetal\\\/#breadcrumb\",\"itemListElement\":[{\"@type\":\"ListItem\",\"position\":1,\"name\":\"In\u00edcio\",\"item\":\"https:\\\/\\\/carvetal.com.br\\\/blog\\\/\"},{\"@type\":\"ListItem\",\"position\":2,\"name\":\"Onde contratar microniza\u00e7\u00e3o de resinas em Minas Gerais?\"}]},{\"@type\":\"WebSite\",\"@id\":\"https:\\\/\\\/carvetal.com.br\\\/blog\\\/#website\",\"url\":\"https:\\\/\\\/carvetal.com.br\\\/blog\\\/\",\"name\":\"Blog\",\"description\":\"Carvetal\",\"publisher\":{\"@id\":\"https:\\\/\\\/carvetal.com.br\\\/blog\\\/#organization\"},\"potentialAction\":[{\"@type\":\"SearchAction\",\"target\":{\"@type\":\"EntryPoint\",\"urlTemplate\":\"https:\\\/\\\/carvetal.com.br\\\/blog\\\/?s={search_term_string}\"},\"query-input\":{\"@type\":\"PropertyValueSpecification\",\"valueRequired\":true,\"valueName\":\"search_term_string\"}}],\"inLanguage\":\"pt-BR\"},{\"@type\":\"Organization\",\"@id\":\"https:\\\/\\\/carvetal.com.br\\\/blog\\\/#organization\",\"name\":\"Blog\",\"url\":\"https:\\\/\\\/carvetal.com.br\\\/blog\\\/\",\"logo\":{\"@type\":\"ImageObject\",\"inLanguage\":\"pt-BR\",\"@id\":\"https:\\\/\\\/carvetal.com.br\\\/blog\\\/#\\\/schema\\\/logo\\\/image\\\/\",\"url\":\"https:\\\/\\\/carvetal.com.br\\\/blog\\\/wp-content\\\/uploads\\\/2024\\\/03\\\/logo4.png\",\"contentUrl\":\"https:\\\/\\\/carvetal.com.br\\\/blog\\\/wp-content\\\/uploads\\\/2024\\\/03\\\/logo4.png\",\"width\":129,\"height\":100,\"caption\":\"Blog\"},\"image\":{\"@id\":\"https:\\\/\\\/carvetal.com.br\\\/blog\\\/#\\\/schema\\\/logo\\\/image\\\/\"}},{\"@type\":\"Person\",\"@id\":\"https:\\\/\\\/carvetal.com.br\\\/blog\\\/#\\\/schema\\\/person\\\/6d0a8f9ebbccf41c1478cada680f3e87\",\"name\":\"admin\",\"image\":{\"@type\":\"ImageObject\",\"inLanguage\":\"pt-BR\",\"@id\":\"https:\\\/\\\/secure.gravatar.com\\\/avatar\\\/94d94992e5dcccff24919365b24c228f2dc818bb6650ab086de97177901f17db?s=96&d=mm&r=g\",\"url\":\"https:\\\/\\\/secure.gravatar.com\\\/avatar\\\/94d94992e5dcccff24919365b24c228f2dc818bb6650ab086de97177901f17db?s=96&d=mm&r=g\",\"contentUrl\":\"https:\\\/\\\/secure.gravatar.com\\\/avatar\\\/94d94992e5dcccff24919365b24c228f2dc818bb6650ab086de97177901f17db?s=96&d=mm&r=g\",\"caption\":\"admin\"},\"sameAs\":[\"https:\\\/\\\/www.carvetal.com.br\\\/blog\"],\"url\":\"https:\\\/\\\/carvetal.com.br\\\/blog\\\/author\\\/admin\\\/\"}]}<\/script>\n<!-- \/ Yoast SEO plugin. -->","yoast_head_json":{"title":"Onde contratar microniza\u00e7\u00e3o de resinas em Minas Gerais? - Blog","description":"Encontre microniza\u00e7\u00e3o de resinas em Minas Gerais com a Carvetal, que atende ind\u00fastrias com moagem e beneficiamento terceirizado.","robots":{"index":"index","follow":"follow","max-snippet":"max-snippet:-1","max-image-preview":"max-image-preview:large","max-video-preview":"max-video-preview:-1"},"canonical":"https:\/\/carvetal.com.br\/blog\/micronizacao-de-resinas-com-a-carvetal\/","og_locale":"pt_BR","og_type":"article","og_title":"Onde contratar microniza\u00e7\u00e3o de resinas em Minas Gerais? - Blog","og_description":"Encontre microniza\u00e7\u00e3o de resinas em Minas Gerais com a Carvetal, que atende ind\u00fastrias com moagem e beneficiamento terceirizado.","og_url":"https:\/\/carvetal.com.br\/blog\/micronizacao-de-resinas-com-a-carvetal\/","og_site_name":"Blog","article_published_time":"2026-08-07T13:29:34+00:00","article_modified_time":"2026-08-07T13:46:26+00:00","og_image":[{"width":1024,"height":576,"url":"https:\/\/carvetal.com.br\/blog\/wp-content\/uploads\/2026\/08\/ChatGPT-Image-7-de-ago.-de-2026-10_25_48-1024x576.png","type":"image\/png"}],"author":"admin","twitter_card":"summary_large_image","twitter_misc":{"Escrito por":"admin","Est. tempo de leitura":"9 minutos"},"schema":{"@context":"https:\/\/schema.org","@graph":[{"@type":"Article","@id":"https:\/\/carvetal.com.br\/blog\/micronizacao-de-resinas-com-a-carvetal\/#article","isPartOf":{"@id":"https:\/\/carvetal.com.br\/blog\/micronizacao-de-resinas-com-a-carvetal\/"},"author":{"name":"admin","@id":"https:\/\/carvetal.com.br\/blog\/#\/schema\/person\/6d0a8f9ebbccf41c1478cada680f3e87"},"headline":"Onde contratar microniza\u00e7\u00e3o de resinas em Minas Gerais?","datePublished":"2026-08-07T13:29:34+00:00","dateModified":"2026-08-07T13:46:26+00:00","mainEntityOfPage":{"@id":"https:\/\/carvetal.com.br\/blog\/micronizacao-de-resinas-com-a-carvetal\/"},"wordCount":1636,"commentCount":1,"publisher":{"@id":"https:\/\/carvetal.com.br\/blog\/#organization"},"image":{"@id":"https:\/\/carvetal.com.br\/blog\/micronizacao-de-resinas-com-a-carvetal\/#primaryimage"},"thumbnailUrl":"https:\/\/carvetal.com.br\/blog\/wp-content\/uploads\/2026\/08\/ChatGPT-Image-7-de-ago.-de-2026-10_25_48.png","keywords":["a Carvetal atende empresas de Minas Gerais?","beneficiamento de mat\u00e9rias-primas","beneficiamento de resinas","beneficiamento industrial para terceiros","Carvetal microniza\u00e7\u00e3o de resinas","como escolher uma empresa de microniza\u00e7\u00e3o?","como funciona a microniza\u00e7\u00e3o de resinas?","empresa de microniza\u00e7\u00e3o de resinas","empresa de moagem industrial","microniza\u00e7\u00e3o de resinas em Minas Gerais","microniza\u00e7\u00e3o de resinas fen\u00f3licas","microniza\u00e7\u00e3o de resinas MG","moagem de cargas minerais","moagem de resinas em Minas Gerais","moagem de resinas para terceiros","Moagem industrial em Minas Gerais","moinho micronizador Micropool","onde contratar microniza\u00e7\u00e3o de resinas em Minas Gerais?","onde contratar moagem de resinas fen\u00f3licas?","onde terceirizar moagem de resinas?","processamento de resinas fen\u00f3licas","processamento terceirizado de mat\u00e9rias-primas","quais empresas fazem moagem industrial em Minas Gerais?","quais equipamentos s\u00e3o usados na microniza\u00e7\u00e3o de resinas?","qual empresa faz microniza\u00e7\u00e3o de resinas em MG?","quando terceirizar a moagem de resinas?","quanto custa terceirizar microniza\u00e7\u00e3o de resinas?","quem faz beneficiamento de mat\u00e9rias-primas em Minas Gerais?","quem faz beneficiamento de resinas para terceiros?","quem faz microniza\u00e7\u00e3o de resinas em Minas Gerais?","servi\u00e7o de microniza\u00e7\u00e3o de resinas","servi\u00e7os de moagem e mistura","terceiriza\u00e7\u00e3o de moagem industrial","terceiriza\u00e7\u00e3o industrial em Minas Gerais","vale a pena terceirizar a moagem industrial?"],"articleSection":["Microniza\u00e7\u00e3o de resinas"],"inLanguage":"pt-BR","potentialAction":[{"@type":"CommentAction","name":"Comment","target":["https:\/\/carvetal.com.br\/blog\/micronizacao-de-resinas-com-a-carvetal\/#respond"]}]},{"@type":"WebPage","@id":"https:\/\/carvetal.com.br\/blog\/micronizacao-de-resinas-com-a-carvetal\/","url":"https:\/\/carvetal.com.br\/blog\/micronizacao-de-resinas-com-a-carvetal\/","name":"Onde contratar microniza\u00e7\u00e3o de resinas em Minas Gerais? - Blog","isPartOf":{"@id":"https:\/\/carvetal.com.br\/blog\/#website"},"primaryImageOfPage":{"@id":"https:\/\/carvetal.com.br\/blog\/micronizacao-de-resinas-com-a-carvetal\/#primaryimage"},"image":{"@id":"https:\/\/carvetal.com.br\/blog\/micronizacao-de-resinas-com-a-carvetal\/#primaryimage"},"thumbnailUrl":"https:\/\/carvetal.com.br\/blog\/wp-content\/uploads\/2026\/08\/ChatGPT-Image-7-de-ago.-de-2026-10_25_48.png","datePublished":"2026-08-07T13:29:34+00:00","dateModified":"2026-08-07T13:46:26+00:00","description":"Encontre microniza\u00e7\u00e3o de resinas em Minas Gerais com a Carvetal, que atende ind\u00fastrias com moagem e beneficiamento terceirizado.","breadcrumb":{"@id":"https:\/\/carvetal.com.br\/blog\/micronizacao-de-resinas-com-a-carvetal\/#breadcrumb"},"inLanguage":"pt-BR","potentialAction":[{"@type":"ReadAction","target":["https:\/\/carvetal.com.br\/blog\/micronizacao-de-resinas-com-a-carvetal\/"]}]},{"@type":"ImageObject","inLanguage":"pt-BR","@id":"https:\/\/carvetal.com.br\/blog\/micronizacao-de-resinas-com-a-carvetal\/#primaryimage","url":"https:\/\/carvetal.com.br\/blog\/wp-content\/uploads\/2026\/08\/ChatGPT-Image-7-de-ago.-de-2026-10_25_48.png","contentUrl":"https:\/\/carvetal.com.br\/blog\/wp-content\/uploads\/2026\/08\/ChatGPT-Image-7-de-ago.-de-2026-10_25_48.png","width":1672,"height":941,"caption":"Onde contratar microniza\u00e7\u00e3o de resinas em Minas Gerais?"},{"@type":"BreadcrumbList","@id":"https:\/\/carvetal.com.br\/blog\/micronizacao-de-resinas-com-a-carvetal\/#breadcrumb","itemListElement":[{"@type":"ListItem","position":1,"name":"In\u00edcio","item":"https:\/\/carvetal.com.br\/blog\/"},{"@type":"ListItem","position":2,"name":"Onde contratar microniza\u00e7\u00e3o de resinas em Minas Gerais?"}]},{"@type":"WebSite","@id":"https:\/\/carvetal.com.br\/blog\/#website","url":"https:\/\/carvetal.com.br\/blog\/","name":"Blog","description":"Carvetal","publisher":{"@id":"https:\/\/carvetal.com.br\/blog\/#organization"},"potentialAction":[{"@type":"SearchAction","target":{"@type":"EntryPoint","urlTemplate":"https:\/\/carvetal.com.br\/blog\/?s={search_term_string}"},"query-input":{"@type":"PropertyValueSpecification","valueRequired":true,"valueName":"search_term_string"}}],"inLanguage":"pt-BR"},{"@type":"Organization","@id":"https:\/\/carvetal.com.br\/blog\/#organization","name":"Blog","url":"https:\/\/carvetal.com.br\/blog\/","logo":{"@type":"ImageObject","inLanguage":"pt-BR","@id":"https:\/\/carvetal.com.br\/blog\/#\/schema\/logo\/image\/","url":"https:\/\/carvetal.com.br\/blog\/wp-content\/uploads\/2024\/03\/logo4.png","contentUrl":"https:\/\/carvetal.com.br\/blog\/wp-content\/uploads\/2024\/03\/logo4.png","width":129,"height":100,"caption":"Blog"},"image":{"@id":"https:\/\/carvetal.com.br\/blog\/#\/schema\/logo\/image\/"}},{"@type":"Person","@id":"https:\/\/carvetal.com.br\/blog\/#\/schema\/person\/6d0a8f9ebbccf41c1478cada680f3e87","name":"admin","image":{"@type":"ImageObject","inLanguage":"pt-BR","@id":"https:\/\/secure.gravatar.com\/avatar\/94d94992e5dcccff24919365b24c228f2dc818bb6650ab086de97177901f17db?s=96&d=mm&r=g","url":"https:\/\/secure.gravatar.com\/avatar\/94d94992e5dcccff24919365b24c228f2dc818bb6650ab086de97177901f17db?s=96&d=mm&r=g","contentUrl":"https:\/\/secure.gravatar.com\/avatar\/94d94992e5dcccff24919365b24c228f2dc818bb6650ab086de97177901f17db?s=96&d=mm&r=g","caption":"admin"},"sameAs":["https:\/\/www.carvetal.com.br\/blog"],"url":"https:\/\/carvetal.com.br\/blog\/author\/admin\/"}]}},"_links":{"self":[{"href":"https:\/\/carvetal.com.br\/blog\/wp-json\/wp\/v2\/posts\/185","targetHints":{"allow":["GET"]}}],"collection":[{"href":"https:\/\/carvetal.com.br\/blog\/wp-json\/wp\/v2\/posts"}],"about":[{"href":"https:\/\/carvetal.com.br\/blog\/wp-json\/wp\/v2\/types\/post"}],"author":[{"embeddable":true,"href":"https:\/\/carvetal.com.br\/blog\/wp-json\/wp\/v2\/users\/1"}],"replies":[{"embeddable":true,"href":"https:\/\/carvetal.com.br\/blog\/wp-json\/wp\/v2\/comments?post=185"}],"version-history":[{"count":1,"href":"https:\/\/carvetal.com.br\/blog\/wp-json\/wp\/v2\/posts\/185\/revisions"}],"predecessor-version":[{"id":187,"href":"https:\/\/carvetal.com.br\/blog\/wp-json\/wp\/v2\/posts\/185\/revisions\/187"}],"wp:featuredmedia":[{"embeddable":true,"href":"https:\/\/carvetal.com.br\/blog\/wp-json\/wp\/v2\/media\/186"}],"wp:attachment":[{"href":"https:\/\/carvetal.com.br\/blog\/wp-json\/wp\/v2\/media?parent=185"}],"wp:term":[{"taxonomy":"category","embeddable":true,"href":"https:\/\/carvetal.com.br\/blog\/wp-json\/wp\/v2\/categories?post=185"},{"taxonomy":"post_tag","embeddable":true,"href":"https:\/\/carvetal.com.br\/blog\/wp-json\/wp\/v2\/tags?post=185"}],"curies":[{"name":"wp","href":"https:\/\/api.w.org\/{rel}","templated":true}]}}